{"id":1471,"date":"2016-04-19T22:41:12","date_gmt":"2016-04-19T20:41:12","guid":{"rendered":"http:\/\/cpsanguesa.educacion.navarra.es\/blogs\/?p=1471"},"modified":"2016-04-19T23:12:29","modified_gmt":"2016-04-19T21:12:29","slug":"semana-del-libro-2016","status":"publish","type":"post","link":"https:\/\/cpsanguesa.educacion.navarra.es\/blogs\/blog\/2016\/04\/19\/semana-del-libro-2016\/","title":{"rendered":"Semana del Libro 2016"},"content":{"rendered":"<p><a href=\"https:\/\/cpsanguesa.educacion.navarra.es\/blogs\/wp-content\/uploads\/2016\/04\/Biblioteca_Libro-2016.jpg\"><img loading=\"lazy\" class=\"alignleft size-medium wp-image-1472\" src=\"https:\/\/cpsanguesa.educacion.navarra.es\/blogs\/wp-content\/uploads\/2016\/04\/Biblioteca_Libro-2016-300x225.jpg\" alt=\"Biblioteca_Libro 2016\" width=\"300\" height=\"225\" srcset=\"https:\/\/cpsanguesa.educacion.navarra.es\/blogs\/wp-content\/uploads\/2016\/04\/Biblioteca_Libro-2016-300x225.jpg 300w, https:\/\/cpsanguesa.educacion.navarra.es\/blogs\/wp-content\/uploads\/2016\/04\/Biblioteca_Libro-2016-768x576.jpg 768w, https:\/\/cpsanguesa.educacion.navarra.es\/blogs\/wp-content\/uploads\/2016\/04\/Biblioteca_Libro-2016-1024x768.jpg 1024w, https:\/\/cpsanguesa.educacion.navarra.es\/blogs\/wp-content\/uploads\/2016\/04\/Biblioteca_Libro-2016.jpg 1264w\" sizes=\"(max-width: 300px) 100vw, 300px\" \/><\/a>A lo largo de esta semana estamos celebrando en el colegio <strong><span style=\"color: #ab2668;\">El D\u00eda del Libro<\/span><\/strong>. El Origen del d\u00eda del libro se remonta a 1926. El <strong><span style=\"color: #ab2668;\">23 de abril<\/span><\/strong> de 1616 fallec\u00edan Cervantes, Shakespeare y Garcilaso de la Vega. Esta fecha tan simb\u00f3lica para la literatura universal fue la escogida por la Conferencia General de la UNESCO para rendir un homenaje mundial al libro y sus autores y alentar a todos, en particular a los m\u00e1s j\u00f3venes, a descubrir el placer de la lectura y respetar la contribuci\u00f3n de los creadores al progreso social y cultural.<br \/>\nEl <span style=\"color: #ab2668;\"><a style=\"color: #ab2668;\" href=\"https:\/\/cpsanguesa.educacion.navarra.es\/blogs\/wp-content\/uploads\/2016\/04\/15-16-D\u00eda-del-Libro_Horario-ok.pdf\" target=\"_blank\"><strong>programa <\/strong><\/a><\/span>para esta semana es muy interesante, con actividades y participaci\u00f3n de alumnado y profesorado as\u00ed como encuentros con autores, firma de libros, etc.<br \/>\nEl curso pasado <strong>se renov\u00f3 todo el mobiliario del centro<\/strong> por parte del Departamento de Educaci\u00f3n. Se realiz\u00f3 tambi\u00e9n un esfuerzo importante con el <strong>mobiliario de la Biblioteca Escolar<\/strong>, que fue costeado a partes iguales con el colegio. Desde el colegio se realiz\u00f3 un dise\u00f1o del mobiliario y su distribuci\u00f3n, cuya instalaci\u00f3n estamos disfrutando a lo largo del todo el curso y especialmente en la Semana del Libro. En la <span style=\"text-decoration: underline;\">foto superior<\/span> puede verse parte de la Biblioteca preparada para el encuentro del alumnado con los autores.<br \/>\nTambi\u00e9n se ha renovado este curso el programa de gesti\u00f3n de la Biblioteca Escolar, ahora <span style=\"color: #ab2668;\"><strong><a style=\"color: #ab2668;\" href=\"http:\/\/abies.educacion.navarra.es\/index.php\/home\/cpsanguesa\" target=\"_blank\">AbiesWeb<\/a><\/strong><\/span>. Las profesoras encargadas de la Biblioteca est\u00e1n llevando a cabo la actualizaci\u00f3n de los archivos.<\/p>\n","protected":false},"excerpt":{"rendered":"<p>A lo largo de esta semana estamos celebrando en el colegio El D\u00eda del Libro. El Origen del d\u00eda del libro se remonta a 1926. El 23 de abril de 1616 fallec\u00edan Cervantes, Shakespeare y Garcilaso de la Vega. Esta fecha tan simb\u00f3lica para la literatura universal fue la escogida por la Conferencia General de [&hellip;]<\/p>\n","protected":false},"author":1,"featured_media":0,"comment_status":"open","ping_status":"open","sticky":false,"template":"","format":"standard","meta":{"_editorskit_title_hidden":false,"_editorskit_reading_time":0,"_editorskit_is_block_options_detached":false,"_editorskit_block_options_position":"{}","_genesis_hide_title":false,"_genesis_hide_breadcrumbs":false,"_genesis_hide_singular_image":false,"_genesis_hide_footer_widgets":false,"_genesis_custom_body_class":"","_genesis_custom_post_class":"","_genesis_layout":"","ngg_post_thumbnail":0},"categories":[1],"tags":[],"_links":{"self":[{"href":"https:\/\/cpsanguesa.educacion.navarra.es\/blogs\/wp-json\/wp\/v2\/posts\/1471"}],"collection":[{"href":"https:\/\/cpsanguesa.educacion.navarra.es\/blogs\/wp-json\/wp\/v2\/posts"}],"about":[{"href":"https:\/\/cpsanguesa.educacion.navarra.es\/blogs\/wp-json\/wp\/v2\/types\/post"}],"author":[{"embeddable":true,"href":"https:\/\/cpsanguesa.educacion.navarra.es\/blogs\/wp-json\/wp\/v2\/users\/1"}],"replies":[{"embeddable":true,"href":"https:\/\/cpsanguesa.educacion.navarra.es\/blogs\/wp-json\/wp\/v2\/comments?post=1471"}],"version-history":[{"count":0,"href":"https:\/\/cpsanguesa.educacion.navarra.es\/blogs\/wp-json\/wp\/v2\/posts\/1471\/revisions"}],"wp:attachment":[{"href":"https:\/\/cpsanguesa.educacion.navarra.es\/blogs\/wp-json\/wp\/v2\/media?parent=1471"}],"wp:term":[{"taxonomy":"category","embeddable":true,"href":"https:\/\/cpsanguesa.educacion.navarra.es\/blogs\/wp-json\/wp\/v2\/categories?post=1471"},{"taxonomy":"post_tag","embeddable":true,"href":"https:\/\/cpsanguesa.educacion.navarra.es\/blogs\/wp-json\/wp\/v2\/tags?post=1471"}],"curies":[{"name":"wp","href":"https:\/\/api.w.org\/{rel}","templated":true}]}}