{"id":2415,"date":"2019-04-23T10:09:15","date_gmt":"2019-04-23T08:09:15","guid":{"rendered":"http:\/\/cpsanguesa.educacion.navarra.es\/blogs\/?p=2415"},"modified":"2019-04-23T11:38:20","modified_gmt":"2019-04-23T09:38:20","slug":"dia-del-libro-2019","status":"publish","type":"post","link":"https:\/\/cpsanguesa.educacion.navarra.es\/blogs\/blog\/2019\/04\/23\/dia-del-libro-2019\/","title":{"rendered":"D\u00eda del Libro 2019"},"content":{"rendered":"<p><strong><span style=\"color: #ab2668;\">Hoy martes, d\u00eda 23 de abril, se celebra el D\u00eda Internacional del Libro.<\/span><\/strong> A lo largo de la semana pasada se iniciaron las actividades programadas en el colegio que se completar\u00e1n a la vuelta de vacaciones.<\/p>\n\n\n<p>En concreto se llevaron a cabo relatos, dramatizaciones y cuentacuentos por parte del alumnado a grupos de otros niveles. Se prepararon actividades en castellano, euskera e ingl\u00e9s en las que el alumnado comparti\u00f3 experiencias y actividades relacionadas con los libros.<\/p>\n\n\n\n<p>Finalmente, el alumnado de Educaci\u00f3n Infantil disfrut\u00f3 con los libros prestados por la Biblioteca de Sang\u00fcesa-Zangoza que se distribuyeron por zonas en el gimnasio del colegio.<\/p>\n\n\n\n<a data-flickr-embed=\"true\" data-header=\"true\" href=\"https:\/\/www.flickr.com\/photos\/76027493@N06\/albums\/72157708045185715\" title=\"18-19 D\u00eda del Libro\"><img loading=\"lazy\" src=\"https:\/\/live.staticflickr.com\/65535\/47675735361_693e69bf84_b.jpg\" alt=\"18-19 D\u00eda del Libro\" width=\"1024\" height=\"768\"><\/a><script async=\"\" src=\"\/\/embedr.flickr.com\/assets\/client-code.js\" charset=\"utf-8\"><\/script>\n\n\n\n<p><\/p>\n","protected":false},"excerpt":{"rendered":"<p>Hoy martes, d\u00eda 23 de abril, se celebra el D\u00eda Internacional del Libro. A lo largo de la semana pasada se iniciaron las actividades programadas en el colegio que se completar\u00e1n a la vuelta de vacaciones. En concreto se llevaron a cabo relatos, dramatizaciones y cuentacuentos por parte del alumnado a grupos de otros niveles. [&hellip;]<\/p>\n","protected":false},"author":1,"featured_media":0,"comment_status":"open","ping_status":"open","sticky":false,"template":"","format":"standard","meta":{"_editorskit_title_hidden":false,"_editorskit_reading_time":0,"_editorskit_is_block_options_detached":false,"_editorskit_block_options_position":"{}","_genesis_hide_title":false,"_genesis_hide_breadcrumbs":false,"_genesis_hide_singular_image":false,"_genesis_hide_footer_widgets":false,"_genesis_custom_body_class":"","_genesis_custom_post_class":"","_genesis_layout":"","ngg_post_thumbnail":0},"categories":[15,9,10],"tags":[57,52],"_links":{"self":[{"href":"https:\/\/cpsanguesa.educacion.navarra.es\/blogs\/wp-json\/wp\/v2\/posts\/2415"}],"collection":[{"href":"https:\/\/cpsanguesa.educacion.navarra.es\/blogs\/wp-json\/wp\/v2\/posts"}],"about":[{"href":"https:\/\/cpsanguesa.educacion.navarra.es\/blogs\/wp-json\/wp\/v2\/types\/post"}],"author":[{"embeddable":true,"href":"https:\/\/cpsanguesa.educacion.navarra.es\/blogs\/wp-json\/wp\/v2\/users\/1"}],"replies":[{"embeddable":true,"href":"https:\/\/cpsanguesa.educacion.navarra.es\/blogs\/wp-json\/wp\/v2\/comments?post=2415"}],"version-history":[{"count":0,"href":"https:\/\/cpsanguesa.educacion.navarra.es\/blogs\/wp-json\/wp\/v2\/posts\/2415\/revisions"}],"wp:attachment":[{"href":"https:\/\/cpsanguesa.educacion.navarra.es\/blogs\/wp-json\/wp\/v2\/media?parent=2415"}],"wp:term":[{"taxonomy":"category","embeddable":true,"href":"https:\/\/cpsanguesa.educacion.navarra.es\/blogs\/wp-json\/wp\/v2\/categories?post=2415"},{"taxonomy":"post_tag","embeddable":true,"href":"https:\/\/cpsanguesa.educacion.navarra.es\/blogs\/wp-json\/wp\/v2\/tags?post=2415"}],"curies":[{"name":"wp","href":"https:\/\/api.w.org\/{rel}","templated":true}]}}