{"id":350,"date":"2012-02-15T20:34:15","date_gmt":"2012-02-15T19:34:15","guid":{"rendered":"http:\/\/cpsanguesa.educacion.navarra.es\/blogs\/?p=350"},"modified":"2012-02-15T22:43:29","modified_gmt":"2012-02-15T21:43:29","slug":"carnaval-carnaval","status":"publish","type":"post","link":"https:\/\/cpsanguesa.educacion.navarra.es\/blogs\/blog\/2012\/02\/15\/carnaval-carnaval\/","title":{"rendered":"Carnaval, carnaval&#8230;"},"content":{"rendered":"<p>Por fin, despu\u00e9s de unos cuantos d\u00edas de preparativos ya est\u00e1 cerca la <strong><span style=\"color: #800000;\">Fiesta de Carnaval<\/span><\/strong>. Hoy os hemos hecho llegar el programa con la organizaci\u00f3n y el horario. Para aquellos que quieran consultarlo ten\u00e9is el enlace al final de esta noticia. Si el a\u00f1o pasado el tema elegido era el de &#8220;Los bosques&#8221;, como ya sab\u00e9is para este curso es <span style=\"color: #800000;\"><strong>EL CINE<\/strong><\/span>. Cada curso ha preparado un disfraz espec\u00edfico de esta tem\u00e1tica. Son los siguientes:<br \/>\n<a href=\"https:\/\/cpsanguesa.educacion.navarra.es\/blogs\/wp-content\/uploads\/2012\/02\/Film-09.jpg\"><img loading=\"lazy\" class=\"alignleft size-medium wp-image-353\" title=\"Film 09\" src=\"https:\/\/cpsanguesa.educacion.navarra.es\/blogs\/wp-content\/uploads\/2012\/02\/Film-09-300x300.jpg\" alt=\"\" width=\"198\" height=\"198\" srcset=\"https:\/\/cpsanguesa.educacion.navarra.es\/blogs\/wp-content\/uploads\/2012\/02\/Film-09-300x300.jpg 300w, https:\/\/cpsanguesa.educacion.navarra.es\/blogs\/wp-content\/uploads\/2012\/02\/Film-09-150x150.jpg 150w, https:\/\/cpsanguesa.educacion.navarra.es\/blogs\/wp-content\/uploads\/2012\/02\/Film-09.jpg 346w\" sizes=\"(max-width: 198px) 100vw, 198px\" \/><\/a>&#8211;\u00a0<strong>\u201c101 D\u00e1lmatas\u201d.<\/strong> (1\u00ba de E. Infantil)<br \/>\n&#8211; <strong>\u201cRicitos de Oro y los 3 Osos\u201d. <\/strong>(2\u00ba de E. Infantil)<br \/>\n&#8211; <strong>\u201cFar West: Indios\u201d<\/strong> (3\u00ba de E. Infantil)<br \/>\n&#8211; <strong>\u201cSuperh\u00e9roes, Superhero\u00ednas\u201d<\/strong> (1\u00ba de E. Primaria)<br \/>\n&#8211; <strong>\u201cLos Picapiedra\u201d.<\/strong> (2\u00ba de E. Primaria)<br \/>\n&#8211; <strong>\u201cAlicia en el Pa\u00eds de las Maravillas\u201d<\/strong> (3\u00ba de E. Primaria)<br \/>\n&#8211; <strong>\u201cCharlot. Charles Chaplin\u201d<\/strong> (4\u00ba de E. Primaria)<br \/>\n&#8211; <strong>\u201cAvatar\u201d<\/strong> (5\u00ba de E. Primaria)<br \/>\n&#8211; <strong>\u201cCharlie y la F\u00e1brica de Chocolate\u201d, \u201cDirectores, c\u00e1maras, sonido\u201d<\/strong> (6\u00ba de E. Primaria)<\/p>\n<p><strong><span style=\"color: #0000ff;\">Programa de la Fiesta de Carnaval <\/span><a href=\"https:\/\/cpsanguesa.educacion.navarra.es\/blogs\/wp-content\/uploads\/2012\/02\/Carnaval_Folleto.pdf\" target=\"_blank\"><img loading=\"lazy\" class=\"alignnone size-full wp-image-72\" title=\"pdf icon2\" src=\"https:\/\/cpsanguesa.educacion.navarra.es\/blogs\/wp-content\/uploads\/2011\/08\/pdf-icon2.png\" alt=\"\" width=\"48\" height=\"35\" \/><\/a><br \/>\n<\/strong><\/p>\n","protected":false},"excerpt":{"rendered":"<p>Por fin, despu\u00e9s de unos cuantos d\u00edas de preparativos ya est\u00e1 cerca la Fiesta de Carnaval. Hoy os hemos hecho llegar el programa con la organizaci\u00f3n y el horario. Para aquellos que quieran consultarlo ten\u00e9is el enlace al final de esta noticia. Si el a\u00f1o pasado el tema elegido era el de &#8220;Los bosques&#8221;, como [&hellip;]<\/p>\n","protected":false},"author":1,"featured_media":0,"comment_status":"open","ping_status":"open","sticky":false,"template":"","format":"standard","meta":{"_editorskit_title_hidden":false,"_editorskit_reading_time":0,"_editorskit_is_block_options_detached":false,"_editorskit_block_options_position":"{}","_genesis_hide_title":false,"_genesis_hide_breadcrumbs":false,"_genesis_hide_singular_image":false,"_genesis_hide_footer_widgets":false,"_genesis_custom_body_class":"","_genesis_custom_post_class":"","_genesis_layout":"","ngg_post_thumbnail":0},"categories":[15,22,8,23,6,10],"tags":[32],"_links":{"self":[{"href":"https:\/\/cpsanguesa.educacion.navarra.es\/blogs\/wp-json\/wp\/v2\/posts\/350"}],"collection":[{"href":"https:\/\/cpsanguesa.educacion.navarra.es\/blogs\/wp-json\/wp\/v2\/posts"}],"about":[{"href":"https:\/\/cpsanguesa.educacion.navarra.es\/blogs\/wp-json\/wp\/v2\/types\/post"}],"author":[{"embeddable":true,"href":"https:\/\/cpsanguesa.educacion.navarra.es\/blogs\/wp-json\/wp\/v2\/users\/1"}],"replies":[{"embeddable":true,"href":"https:\/\/cpsanguesa.educacion.navarra.es\/blogs\/wp-json\/wp\/v2\/comments?post=350"}],"version-history":[{"count":0,"href":"https:\/\/cpsanguesa.educacion.navarra.es\/blogs\/wp-json\/wp\/v2\/posts\/350\/revisions"}],"wp:attachment":[{"href":"https:\/\/cpsanguesa.educacion.navarra.es\/blogs\/wp-json\/wp\/v2\/media?parent=350"}],"wp:term":[{"taxonomy":"category","embeddable":true,"href":"https:\/\/cpsanguesa.educacion.navarra.es\/blogs\/wp-json\/wp\/v2\/categories?post=350"},{"taxonomy":"post_tag","embeddable":true,"href":"https:\/\/cpsanguesa.educacion.navarra.es\/blogs\/wp-json\/wp\/v2\/tags?post=350"}],"curies":[{"name":"wp","href":"https:\/\/api.w.org\/{rel}","templated":true}]}}