{"id":377,"date":"2012-03-01T18:21:12","date_gmt":"2012-03-01T17:21:12","guid":{"rendered":"http:\/\/cpsanguesa.educacion.navarra.es\/blogs\/?p=377"},"modified":"2012-03-01T18:28:07","modified_gmt":"2012-03-01T17:28:07","slug":"modificacion-del-calendario-escolar","status":"publish","type":"post","link":"https:\/\/cpsanguesa.educacion.navarra.es\/blogs\/blog\/2012\/03\/01\/modificacion-del-calendario-escolar\/","title":{"rendered":"Modificaci\u00f3n del calendario escolar"},"content":{"rendered":"<p>Informaci\u00f3n sobre la <span style=\"color: #800000;\"><strong>modificaci\u00f3n del calendario escolar en dos fechas<\/strong>.<\/span><\/p>\n<ol>\n<li>En primer lugar, el d\u00eda <strong>19 de marzo<\/strong> no estaba contemplado como festivo en el momento de elaborar el calendario escolar que fue aprobado por el Departamento de Educaci\u00f3n. Posteriormente, recibimos instrucciones para la modificaci\u00f3n del calendario, habilit\u00e1ndose como festivo el lunes d\u00eda 19 de marzo y terminando el curso escolar para el alumnado un d\u00eda m\u00e1s tarde del se\u00f1alado inicialmente, que vendr\u00eda a ser ahora el viernes d\u00eda <strong>22 de junio<\/strong>.<\/li>\n<li>Otra fecha cuya modificaci\u00f3n ha sido aprobada por el Consejo Escolar ha sido la del d\u00eda <strong>9 de marzo<\/strong>,  destinado inicialmente a la Javierada de la localidad ya que el  habitual d\u00eda 10 es s\u00e1bado. Recientemente, desde el arzobispado se ha  se\u00f1alado como d\u00eda de la Javierada de Sang\u00fcesa el lunes d\u00eda <strong>12 de marzo<\/strong>. Por tanto, la modificaci\u00f3n para estas fechas queda de la siguiente manera: <span style=\"text-decoration: underline;\">d\u00eda 9 de marzo<\/span>, viernes, jornada de ma\u00f1ana y tarde; <span style=\"text-decoration: underline;\">d\u00eda 12 de marzo<\/span>, lunes, jornada de ma\u00f1ana (de 9:10 h. a 13:10 h.); <span style=\"text-decoration: underline;\">d\u00eda 1 de junio<\/span>, viernes, inicialmente de jornada de ma\u00f1ana pasa ahora a  ser de ma\u00f1ana y tarde para recuperar la tarde del d\u00eda 12 de marzo.<\/li>\n<\/ol>\n<p style=\"text-align: center;\"><a href=\"https:\/\/cpsanguesa.educacion.navarra.es\/blogs\/wp-content\/uploads\/2012\/03\/11-12_Calendario-Escolar-00-mod2.jpg\"><img loading=\"lazy\" class=\"aligncenter size-large wp-image-378\" title=\"11-12_Calendario Escolar 00 mod2\" src=\"https:\/\/cpsanguesa.educacion.navarra.es\/blogs\/wp-content\/uploads\/2012\/03\/11-12_Calendario-Escolar-00-mod2-1024x708.jpg\" alt=\"\" width=\"486\" height=\"336\" \/><\/a><\/p>\n<p>Encontrar\u00e9is todas estas modificaciones realizadas en esta p\u00e1gina web, en el apartado <a href=\"https:\/\/cpsanguesa.educacion.navarra.es\/blogs\/guia-del-curso\/calendario\/\">Gu\u00eda del Curso \u2013 Calendario Escolar<\/a>. Los calendarios y plantillas est\u00e1n ya actualizados para poder consultar y, en su caso, imprimir.<\/p>\n","protected":false},"excerpt":{"rendered":"<p>Informaci\u00f3n sobre la modificaci\u00f3n del calendario escolar en dos fechas. En primer lugar, el d\u00eda 19 de marzo no estaba contemplado como festivo en el momento de elaborar el calendario escolar que fue aprobado por el Departamento de Educaci\u00f3n. Posteriormente, recibimos instrucciones para la modificaci\u00f3n del calendario, habilit\u00e1ndose como festivo el lunes d\u00eda 19 de [&hellip;]<\/p>\n","protected":false},"author":1,"featured_media":0,"comment_status":"open","ping_status":"open","sticky":false,"template":"","format":"standard","meta":{"_editorskit_title_hidden":false,"_editorskit_reading_time":0,"_editorskit_is_block_options_detached":false,"_editorskit_block_options_position":"{}","_genesis_hide_title":false,"_genesis_hide_breadcrumbs":false,"_genesis_hide_singular_image":false,"_genesis_hide_footer_widgets":false,"_genesis_custom_body_class":"","_genesis_custom_post_class":"","_genesis_layout":"","ngg_post_thumbnail":0},"categories":[15,27,6,10],"tags":[35],"_links":{"self":[{"href":"https:\/\/cpsanguesa.educacion.navarra.es\/blogs\/wp-json\/wp\/v2\/posts\/377"}],"collection":[{"href":"https:\/\/cpsanguesa.educacion.navarra.es\/blogs\/wp-json\/wp\/v2\/posts"}],"about":[{"href":"https:\/\/cpsanguesa.educacion.navarra.es\/blogs\/wp-json\/wp\/v2\/types\/post"}],"author":[{"embeddable":true,"href":"https:\/\/cpsanguesa.educacion.navarra.es\/blogs\/wp-json\/wp\/v2\/users\/1"}],"replies":[{"embeddable":true,"href":"https:\/\/cpsanguesa.educacion.navarra.es\/blogs\/wp-json\/wp\/v2\/comments?post=377"}],"version-history":[{"count":0,"href":"https:\/\/cpsanguesa.educacion.navarra.es\/blogs\/wp-json\/wp\/v2\/posts\/377\/revisions"}],"wp:attachment":[{"href":"https:\/\/cpsanguesa.educacion.navarra.es\/blogs\/wp-json\/wp\/v2\/media?parent=377"}],"wp:term":[{"taxonomy":"category","embeddable":true,"href":"https:\/\/cpsanguesa.educacion.navarra.es\/blogs\/wp-json\/wp\/v2\/categories?post=377"},{"taxonomy":"post_tag","embeddable":true,"href":"https:\/\/cpsanguesa.educacion.navarra.es\/blogs\/wp-json\/wp\/v2\/tags?post=377"}],"curies":[{"name":"wp","href":"https:\/\/api.w.org\/{rel}","templated":true}]}}