{"id":852,"date":"2013-10-05T22:19:33","date_gmt":"2013-10-05T20:19:33","guid":{"rendered":"http:\/\/cpsanguesa.educacion.navarra.es\/blogs\/?p=852"},"modified":"2013-10-05T23:09:09","modified_gmt":"2013-10-05T21:09:09","slug":"dia-mundial-de-los-docentes","status":"publish","type":"post","link":"https:\/\/cpsanguesa.educacion.navarra.es\/blogs\/blog\/2013\/10\/05\/dia-mundial-de-los-docentes\/","title":{"rendered":"D\u00eda Mundial de los Docentes"},"content":{"rendered":"<p><span style=\"font-size: 13px;\"><br \/>\nEl\u00a0<\/span><b style=\"font-size: 13px;\">D\u00eda Mundial de los Docentes<\/b><span style=\"font-size: 13px;\">, celebrado anualmente el\u00a0<\/span><span style=\"font-size: small;\">5 de octubre<\/span><span style=\"font-size: 13px;\">\u00a0desde\u00a0<\/span><span style=\"font-size: small;\">1994<\/span><span style=\"font-size: 13px;\">, conmemora el aniversario de la suscripci\u00f3n de la\u00a0<\/span><a style=\"font-size: 13px;\" href=\"http:\/\/unesdoc.unesco.org\/images\/0012\/001260\/126086so.pdf\" target=\"_blank\" rel=\"nofollow\">Recomendaci\u00f3n UNESCO\/OIT relativa a la Situaci\u00f3n del Personal Docente en 1966.<\/a><br \/>\nEs la ocasi\u00f3n de rendir homenaje a los\u00a0docentes\u00a0y al papel esencial que desempe\u00f1an para una\u00a0educaci\u00f3n\u00a0de calidad a todos los niveles.<br \/>\nCada a\u00f1o, el\u00a0<b>5 de octubre<\/b>, el\u00a0<b>D\u00eda Mundial de los Docentes<\/b>\u00a0ofrece la ocasi\u00f3n de homenajear a los maestros, pero tambi\u00e9n de llamar la atenci\u00f3n sobre su situaci\u00f3n, sus condiciones laborales y las necesidades de los pa\u00edses donde la contrataci\u00f3n de educadores no avanza al mismo ritmo que el aumento de la matr\u00edcula.<br \/>\nLos docentes son el recurso m\u00e1s importante de la\u00a0ense\u00f1anza: sin ellos, la\u00a0educaci\u00f3n\u00a0de calidad no podr\u00e1 hacerse realidad. Pero el n\u00famero de\u00a0maestros\u00a0no se corresponde con los objetivos de la\u00a0<a href=\"http:\/\/www.unesco.org\/es\/efa\/the-efa-movement\/10-things-to-know-about-efa\/\" target=\"_blank\" rel=\"nofollow\">Educaci\u00f3n para Todos<\/a>: tan s\u00f3lo para alcanzar la\u00a0ense\u00f1anza primaria universal\u00a0de aqu\u00ed a\u00a02015\u00a0se necesitar\u00edan 1.9 millones de nuevos\u00a0educadores\u00a0debidamente capacitados. De ah\u00ed que la\u00a0Unesco\u00a0y sus asociados exhorten a los gobiernos y la comunidad internacional para que aumenten las inversiones destinadas a la formaci\u00f3n de\u00a0docentes.<br \/>\n(Fuente: Wikipedia).<\/p>\n<p><a href=\"https:\/\/cpsanguesa.educacion.navarra.es\/blogs\/wp-content\/uploads\/2013\/10\/D\u00eda-Docentes-02.jpg\"><img loading=\"lazy\" class=\"alignleft  wp-image-855\" alt=\"D\u00eda Docentes 02\" src=\"https:\/\/cpsanguesa.educacion.navarra.es\/blogs\/wp-content\/uploads\/2013\/10\/D\u00eda-Docentes-02.jpg\" width=\"403\" height=\"268\" srcset=\"https:\/\/cpsanguesa.educacion.navarra.es\/blogs\/wp-content\/uploads\/2013\/10\/D\u00eda-Docentes-02.jpg 640w, https:\/\/cpsanguesa.educacion.navarra.es\/blogs\/wp-content\/uploads\/2013\/10\/D\u00eda-Docentes-02-300x199.jpg 300w\" sizes=\"(max-width: 403px) 100vw, 403px\" \/><\/a><\/p>\n<p><iframe loading=\"lazy\" src=\"\/\/www.youtube.com\/embed\/z9mRsT4B9m8?rel=0\" height=\"260\" width=\"420\" allowfullscreen=\"\" frameborder=\"0\"><\/iframe><\/p>\n<p><a href=\"https:\/\/cpsanguesa.educacion.navarra.es\/blogs\/wp-content\/uploads\/2013\/10\/D\u00eda-Docentes-05.gif\"><img loading=\"lazy\" class=\" wp-image-856 alignleft\" style=\"border: 1px solid black;\" alt=\"D\u00eda Docentes 05\" src=\"https:\/\/cpsanguesa.educacion.navarra.es\/blogs\/wp-content\/uploads\/2013\/10\/D\u00eda-Docentes-05.gif\" width=\"830\" height=\"130\" \/><\/a><\/p>\n","protected":false},"excerpt":{"rendered":"<p>El\u00a0D\u00eda Mundial de los Docentes, celebrado anualmente el\u00a05 de octubre\u00a0desde\u00a01994, conmemora el aniversario de la suscripci\u00f3n de la\u00a0Recomendaci\u00f3n UNESCO\/OIT relativa a la Situaci\u00f3n del Personal Docente en 1966. Es la ocasi\u00f3n de rendir homenaje a los\u00a0docentes\u00a0y al papel esencial que desempe\u00f1an para una\u00a0educaci\u00f3n\u00a0de calidad a todos los niveles. Cada a\u00f1o, el\u00a05 de octubre, el\u00a0D\u00eda Mundial [&hellip;]<\/p>\n","protected":false},"author":1,"featured_media":0,"comment_status":"open","ping_status":"open","sticky":false,"template":"","format":"standard","meta":{"_editorskit_title_hidden":false,"_editorskit_reading_time":0,"_editorskit_is_block_options_detached":false,"_editorskit_block_options_position":"{}","_genesis_hide_title":false,"_genesis_hide_breadcrumbs":false,"_genesis_hide_singular_image":false,"_genesis_hide_footer_widgets":false,"_genesis_custom_body_class":"","_genesis_custom_post_class":"","_genesis_layout":"","ngg_post_thumbnail":0},"categories":[8,27,10],"tags":[57],"_links":{"self":[{"href":"https:\/\/cpsanguesa.educacion.navarra.es\/blogs\/wp-json\/wp\/v2\/posts\/852"}],"collection":[{"href":"https:\/\/cpsanguesa.educacion.navarra.es\/blogs\/wp-json\/wp\/v2\/posts"}],"about":[{"href":"https:\/\/cpsanguesa.educacion.navarra.es\/blogs\/wp-json\/wp\/v2\/types\/post"}],"author":[{"embeddable":true,"href":"https:\/\/cpsanguesa.educacion.navarra.es\/blogs\/wp-json\/wp\/v2\/users\/1"}],"replies":[{"embeddable":true,"href":"https:\/\/cpsanguesa.educacion.navarra.es\/blogs\/wp-json\/wp\/v2\/comments?post=852"}],"version-history":[{"count":0,"href":"https:\/\/cpsanguesa.educacion.navarra.es\/blogs\/wp-json\/wp\/v2\/posts\/852\/revisions"}],"wp:attachment":[{"href":"https:\/\/cpsanguesa.educacion.navarra.es\/blogs\/wp-json\/wp\/v2\/media?parent=852"}],"wp:term":[{"taxonomy":"category","embeddable":true,"href":"https:\/\/cpsanguesa.educacion.navarra.es\/blogs\/wp-json\/wp\/v2\/categories?post=852"},{"taxonomy":"post_tag","embeddable":true,"href":"https:\/\/cpsanguesa.educacion.navarra.es\/blogs\/wp-json\/wp\/v2\/tags?post=852"}],"curies":[{"name":"wp","href":"https:\/\/api.w.org\/{rel}","templated":true}]}}